{"id":32168,"date":"2020-08-29T07:10:09","date_gmt":"2020-08-29T05:10:09","guid":{"rendered":"https:\/\/www.mdipime.org\/vie-missionnaire\/giornata-per-la-custodia-del-creato\/"},"modified":"2020-08-29T07:55:02","modified_gmt":"2020-08-29T05:55:02","slug":"giornata-per-la-custodia-del-creato","status":"publish","type":"post","link":"https:\/\/mdipime.org\/fr\/evenements\/giornata-per-la-custodia-del-creato\/","title":{"rendered":"Journ\u00e9e Mondiale de Pri\u00e8re pour la Sauvegarde de la Cr\u00e9ation"},"content":{"rendered":"<p>Institu\u00e9e par le Pape Fran\u00e7ois en 2015, la Journ\u00e9e Mondiale de Pri\u00e8re pour la Sauvegarde de la Cr\u00e9ation, devenue en 2019 la Saison de la Cr\u00e9ation du 1er septembre au 4 octobre, est c\u00e9l\u00e9br\u00e9e dans le monde entier par les communaut\u00e9s chr\u00e9tiennes.<\/p>\n<p>\u00ab<em>\u00a0La Journ\u00e9e Mondiale annuelle de Pri\u00e8re pour la Sauvegarde de la Cr\u00e9ation offrira \u00e0 chacun des croyants et aux communaut\u00e9s la pr\u00e9cieuse opportunit\u00e9 de renouveler leur adh\u00e9sion personnelle \u00e0 leur vocation de gardiens de la cr\u00e9ation, en rendant gr\u00e2ce \u00e0 Dieu pour l\u2019\u0153uvre merveilleuse qu\u2019Il a confi\u00e9e \u00e0 nos soins et en invoquant son aide pour la protection de la cr\u00e9ation et sa\u00a0mis\u00e9ricorde\u00a0pour les p\u00e9ch\u00e9s commis contre le monde dans lequel nous vivons<\/em>\u00a0\u00bb, a \u00e9crit le Saint-P\u00e8re.<\/p>\n<p>En savoir plus:<\/p>\n<ul>\n<li><a href=\"https:\/\/eglise.catholique.fr\/sengager-dans-la-societe\/ecologie-integrale\/temps-de-creation\/\" target=\"_blank\" rel=\"noopener noreferrer\">\u00c9glise Catholique en France &#8211; article<\/a><\/li>\n<li><a href=\"https:\/\/seasonofcreation.org\/fr\/home-fr\/\" target=\"_blank\" rel=\"noopener noreferrer\">Temps de la Cr\u00e9ation<\/a><\/li>\n<\/ul>\n","protected":false},"excerpt":{"rendered":"<p>Institu\u00e9e par le Pape Fran\u00e7ois en 2015, la Journ\u00e9e Mondiale de Pri\u00e8re pour la Sauvegarde de la Cr\u00e9ation, devenue en 2019 la Saison de la Cr\u00e9ation du 1er septembre au 4 octobre, est c\u00e9l\u00e9br\u00e9e dans le monde entier par les communaut\u00e9s chr\u00e9tiennes. \u00ab\u00a0La Journ\u00e9e Mondiale annuelle de Pri\u00e8re pour la Sauvegarde de la Cr\u00e9ation offrira \u00e0 chacun des croyants et aux communaut\u00e9s la pr\u00e9cieuse opportunit\u00e9 de renouveler leur adh\u00e9sion personnelle \u00e0 leur vocation de gardiens de la cr\u00e9ation, en rendant gr\u00e2ce \u00e0 Dieu pour l\u2019\u0153uvre merveilleuse qu\u2019Il a confi\u00e9e \u00e0 nos soins et en invoquant son aide pour la protection de la cr\u00e9ation et sa\u00a0mis\u00e9ricorde\u00a0pour les p\u00e9ch\u00e9s commis contre le monde dans lequel nous vivons\u00a0\u00bb, a \u00e9crit le Saint-P\u00e8re. En savoir plus: \u00c9glise Catholique en France &#8211; article Temps de la Cr\u00e9ation<\/p>\n","protected":false},"author":7,"featured_media":32184,"comment_status":"open","ping_status":"open","sticky":false,"template":"","format":"standard","meta":{"_acf_changed":false,"googlesitekit_rrm_CAow8ovLDA:productID":"","_jetpack_memberships_contains_paid_content":false,"footnotes":""},"categories":[829],"tags":[945],"class_list":["post-32168","post","type-post","status-publish","format-standard","has-post-thumbnail","hentry","category-evenements","tag-laudato-si-fr"],"acf":[],"aioseo_notices":[],"jetpack_featured_media_url":"https:\/\/mdipime.org\/wp-content\/uploads\/2020\/08\/download-1.jpg","jetpack_sharing_enabled":true,"_links":{"self":[{"href":"https:\/\/mdipime.org\/fr\/wp-json\/wp\/v2\/posts\/32168","targetHints":{"allow":["GET"]}}],"collection":[{"href":"https:\/\/mdipime.org\/fr\/wp-json\/wp\/v2\/posts"}],"about":[{"href":"https:\/\/mdipime.org\/fr\/wp-json\/wp\/v2\/types\/post"}],"author":[{"embeddable":true,"href":"https:\/\/mdipime.org\/fr\/wp-json\/wp\/v2\/users\/7"}],"replies":[{"embeddable":true,"href":"https:\/\/mdipime.org\/fr\/wp-json\/wp\/v2\/comments?post=32168"}],"version-history":[{"count":0,"href":"https:\/\/mdipime.org\/fr\/wp-json\/wp\/v2\/posts\/32168\/revisions"}],"wp:featuredmedia":[{"embeddable":true,"href":"https:\/\/mdipime.org\/fr\/wp-json\/wp\/v2\/media\/32184"}],"wp:attachment":[{"href":"https:\/\/mdipime.org\/fr\/wp-json\/wp\/v2\/media?parent=32168"}],"wp:term":[{"taxonomy":"category","embeddable":true,"href":"https:\/\/mdipime.org\/fr\/wp-json\/wp\/v2\/categories?post=32168"},{"taxonomy":"post_tag","embeddable":true,"href":"https:\/\/mdipime.org\/fr\/wp-json\/wp\/v2\/tags?post=32168"}],"curies":[{"name":"wp","href":"https:\/\/api.w.org\/{rel}","templated":true}]}}