{"id":37038,"date":"2021-05-04T16:25:08","date_gmt":"2021-05-04T14:25:08","guid":{"rendered":"https:\/\/www.mdipime.org\/vie-missionnaire\/55o-giornata-mondiale-delle-comunicazioni-sociali\/"},"modified":"2021-05-04T16:54:41","modified_gmt":"2021-05-04T14:54:41","slug":"55o-giornata-mondiale-delle-comunicazioni-sociali","status":"publish","type":"post","link":"https:\/\/mdipime.org\/fr\/evenements\/55o-giornata-mondiale-delle-comunicazioni-sociali\/","title":{"rendered":"55\u00ba Journ\u00e9e mondiale des Communications sociales"},"content":{"rendered":"<p>Il tema della giornata mondiale delle comunicazioni di quest&rsquo;anno si riassume nell&rsquo;invito a <strong>Venire e Vedere<\/strong>, metodo di Ges\u00f9 che ha permesso la diffusione del Vangelo fino a tempi nostri. Andare a vedere \u00e8 sempre necessario, dice Papa Francesco, in qualsiasi comunicazione autentica: nel giornalismo, nelle rete sociali, nel web. Ecco cosa ci dice il Pontefice:<\/p>\n<p>L&rsquo;invitation \u00e0 \u00ab venir et voir \u00bb, qui accompagne les premi\u00e8res rencontres \u00e9motionnantes de J\u00e9sus avec les disciples, est \u00e9galement la d\u00e9marche de toute <strong>authentique communication humaine<\/strong>. Cette ann\u00e9e, je d\u00e9sire donc consacrer le Message\u00a0 \u00e0 l&rsquo;appel \u00e0 \u00ab\u00a0venir et voir\u00a0\u00bb, comme suggestion pour toute expression de communication qui se veut limpide et honn\u00eate\u00a0: dans la r\u00e9daction d&rsquo;un journal comme dans le monde d&rsquo;internet, dans la pr\u00e9dication ordinaire de l&rsquo;Eglise comme dans la communication politique ou sociale. \u00ab\u00a0Viens et vois\u00a0\u00bb est la fa\u00e7on dont la foi chr\u00e9tienne s&rsquo;est communiqu\u00e9e, \u00e0 partir des premi\u00e8res rencontres sur les rives du Jourdain et du lac de Galil\u00e9e.<\/p>\n<p>Le \u00ab\u00a0<strong>viens et vois<\/strong>\u00a0\u00bb est la m\u00e9thode la plus simple pour conna\u00eetre une r\u00e9alit\u00e9. C&rsquo;est la v\u00e9rification la plus honn\u00eate de toute annonce, parce que pour conna\u00eetre, il faut rencontrer, permettre que celui qui est en face me parle,\u00a0 laisser son t\u00e9moignage m\u2019arriver.<\/p>\n<p>Tous les instruments sont importants, et ce grand communicateur qui s&rsquo;appelait <strong>Paul de Tarse<\/strong> aurait certainement utilis\u00e9 la poste \u00e9lectronique et les messages\u00a0<i>sociaux.\u00a0<\/i>Mais ce furent sa foi, son esp\u00e9rance et sa charit\u00e9 qui impressionn\u00e8rent ses contemporains qui l&rsquo;\u00e9coutaient pr\u00eacher et qui eurent la chance de passer du temps avec lui, de le voir au cours d&rsquo;une assembl\u00e9e ou d&rsquo;un entretien individuel. Ils constataient, en le voyant \u00e0 l&rsquo;action dans les lieux o\u00f9 il se trouvait, combien son annonce de salut dont il \u00e9tait porteur par la gr\u00e2ce de Dieu \u00e9tait vraie et f\u00e9conde pour la vie. Et m\u00eame l\u00e0 o\u00f9 ce collaborateur de Dieu ne pouvait \u00eatre rencontr\u00e9 en personne, sa fa\u00e7on de vivre dans le Christ \u00e9tait t\u00e9moign\u00e9e par les disciples qu&rsquo;il envoyait (cf.\u00a0<i>1 Co<\/i>\u00a04, 17).<\/p>\n<p><a href=\"https:\/\/www.vatican.va\/content\/francesco\/fr\/messages\/communications\/documents\/papa-francesco_20210123_messaggio-comunicazioni-sociali.html\" target=\"_blank\" rel=\"noopener noreferrer\">Lie le message complet<\/a><\/p>\n","protected":false},"excerpt":{"rendered":"<p>Il tema della giornata mondiale delle comunicazioni di quest&rsquo;anno si riassume nell&rsquo;invito a Venire e Vedere, metodo di Ges\u00f9 che ha permesso la diffusione del Vangelo fino a tempi nostri. Andare a vedere \u00e8 sempre necessario, dice Papa Francesco, in qualsiasi comunicazione autentica: nel giornalismo, nelle rete sociali, nel web. Ecco cosa ci dice il Pontefice: L&rsquo;invitation \u00e0 \u00ab venir et voir \u00bb, qui accompagne les premi\u00e8res rencontres \u00e9motionnantes de J\u00e9sus avec les disciples, est \u00e9galement la d\u00e9marche de toute authentique communication humaine. Cette ann\u00e9e, je d\u00e9sire donc consacrer le Message\u00a0 \u00e0 l&rsquo;appel \u00e0 \u00ab\u00a0venir et voir\u00a0\u00bb, comme suggestion pour toute expression de communication qui se veut limpide et honn\u00eate\u00a0: dans la r\u00e9daction d&rsquo;un journal comme dans le monde d&rsquo;internet, dans la pr\u00e9dication ordinaire de l&rsquo;Eglise comme dans la communication politique ou sociale. \u00ab\u00a0Viens et vois\u00a0\u00bb est la fa\u00e7on dont la foi chr\u00e9tienne s&rsquo;est communiqu\u00e9e, \u00e0 partir des premi\u00e8res rencontres sur les rives du Jourdain et du lac de Galil\u00e9e. Le \u00ab\u00a0viens et vois\u00a0\u00bb est la m\u00e9thode la plus simple pour conna\u00eetre une r\u00e9alit\u00e9. C&rsquo;est la v\u00e9rification la plus honn\u00eate de toute annonce, parce que pour conna\u00eetre, il faut rencontrer, permettre que celui qui est en face me parle,\u00a0 laisser son t\u00e9moignage m\u2019arriver. Tous les instruments sont importants, et ce grand communicateur qui s&rsquo;appelait Paul de Tarse aurait certainement utilis\u00e9 la poste \u00e9lectronique et les messages\u00a0sociaux.\u00a0Mais ce furent sa foi, son esp\u00e9rance et sa charit\u00e9 qui impressionn\u00e8rent ses contemporains qui l&rsquo;\u00e9coutaient pr\u00eacher et qui eurent la chance de passer du temps avec lui, de le voir au cours d&rsquo;une assembl\u00e9e ou d&rsquo;un entretien individuel. Ils constataient, en le voyant \u00e0 l&rsquo;action dans les lieux o\u00f9 il se trouvait, combien son annonce de salut dont il \u00e9tait porteur par la gr\u00e2ce de Dieu \u00e9tait vraie et f\u00e9conde pour la vie. Et m\u00eame l\u00e0 o\u00f9 ce collaborateur de Dieu ne pouvait \u00eatre rencontr\u00e9 en personne, sa fa\u00e7on de vivre dans le Christ \u00e9tait t\u00e9moign\u00e9e par les disciples qu&rsquo;il envoyait (cf.\u00a01 Co\u00a04, 17). Lie le message complet<\/p>\n","protected":false},"author":3,"featured_media":37056,"comment_status":"open","ping_status":"open","sticky":false,"template":"","format":"standard","meta":{"_acf_changed":false,"googlesitekit_rrm_CAow8ovLDA:productID":"","_jetpack_memberships_contains_paid_content":false,"footnotes":""},"categories":[829],"tags":[],"class_list":["post-37038","post","type-post","status-publish","format-standard","has-post-thumbnail","hentry","category-evenements"],"acf":[],"aioseo_notices":[],"jetpack_featured_media_url":"https:\/\/mdipime.org\/wp-content\/uploads\/2021\/05\/comcut_fr.jpg","jetpack_sharing_enabled":true,"_links":{"self":[{"href":"https:\/\/mdipime.org\/fr\/wp-json\/wp\/v2\/posts\/37038","targetHints":{"allow":["GET"]}}],"collection":[{"href":"https:\/\/mdipime.org\/fr\/wp-json\/wp\/v2\/posts"}],"about":[{"href":"https:\/\/mdipime.org\/fr\/wp-json\/wp\/v2\/types\/post"}],"author":[{"embeddable":true,"href":"https:\/\/mdipime.org\/fr\/wp-json\/wp\/v2\/users\/3"}],"replies":[{"embeddable":true,"href":"https:\/\/mdipime.org\/fr\/wp-json\/wp\/v2\/comments?post=37038"}],"version-history":[{"count":0,"href":"https:\/\/mdipime.org\/fr\/wp-json\/wp\/v2\/posts\/37038\/revisions"}],"wp:featuredmedia":[{"embeddable":true,"href":"https:\/\/mdipime.org\/fr\/wp-json\/wp\/v2\/media\/37056"}],"wp:attachment":[{"href":"https:\/\/mdipime.org\/fr\/wp-json\/wp\/v2\/media?parent=37038"}],"wp:term":[{"taxonomy":"category","embeddable":true,"href":"https:\/\/mdipime.org\/fr\/wp-json\/wp\/v2\/categories?post=37038"},{"taxonomy":"post_tag","embeddable":true,"href":"https:\/\/mdipime.org\/fr\/wp-json\/wp\/v2\/tags?post=37038"}],"curies":[{"name":"wp","href":"https:\/\/api.w.org\/{rel}","templated":true}]}}