{"id":48012,"date":"2022-10-21T10:53:38","date_gmt":"2022-10-21T08:53:38","guid":{"rendered":"https:\/\/www.mdipime.org\/vie-missionnaire\/giornata-missionaria-mondiale-2022\/"},"modified":"2022-10-21T11:39:40","modified_gmt":"2022-10-21T09:39:40","slug":"giornata-missionaria-mondiale-2022","status":"publish","type":"post","link":"https:\/\/mdipime.org\/fr\/evenements\/giornata-missionaria-mondiale-2022\/","title":{"rendered":"Journ\u00e9e missionnaire mondiale 2022"},"content":{"rendered":"<p>\u00ab \u00ab\u00a0Vous serez mes t\u00e9moins\u00a0\u00bb (At 1,8). Ces paroles appartiennent \u00e0 la derni\u00e8re conversation de J\u00e9sus ressuscit\u00e9 avec ses disciples, avant de monter au Ciel \u00bb, le pape Fran\u00e7ois nous rappelle dans <a href=\"https:\/\/www.vatican.va\/content\/francesco\/fr\/messages\/missions\/documents\/20220106-giornata-missionaria.html\" target=\"_blank\" rel=\"noopener\">Message pour la Journ\u00e9e missionnaire mondiale<\/a> qui est c\u00e9l\u00e9br\u00e9e le dimanche 23 octobre. Il est demand\u00e9 aux disciples, dit le Pontife, de\u00ab vivre\u00a0leur\u00a0<i>vie personnelle dans une optique de mission<\/i>\u00a0: ils sont envoy\u00e9s par J\u00e9sus dans le monde non seulement pour\u00a0<i>faire<\/i>\u00a0la mission, mais aussi et surtout pour\u00a0<i>vivre<\/i>\u00a0la mission qui leur a \u00e9t\u00e9 confi\u00e9e ; non seulement pour\u00a0<i>rendre<\/i>\u00a0t\u00e9moignage, mais aussi et surtout pour\u00a0<i>\u00eatre<\/i> des t\u00e9moins du Christ \u00bb. Le pape Fran\u00e7ois continue d&rsquo;affirmer que c&rsquo;est un tr\u00e8s grand honneur d&rsquo;offrir au Christ : \u00ab Les missionnaires du Christ ne sont pas envoy\u00e9s pour se communiquer eux-m\u00eames, pour montrer leurs qualit\u00e9s et leurs capacit\u00e9s de persuasion ou leurs comp\u00e9tences en mati\u00e8re de gestion. Ils ont, au contraire, le grand honneur d&rsquo;offrir le Christ, en paroles et en actes, en annon\u00e7ant \u00e0 tous la Bonne Nouvelle du salut avec joie et franchise, comme les premiers ap\u00f4tres\u00a0\u00bb.<\/p>\n<p style=\"text-align: right;\">La r\u00e9daction<\/p>\n","protected":false},"excerpt":{"rendered":"<p>\u00ab \u00ab\u00a0Vous serez mes t\u00e9moins\u00a0\u00bb (At 1,8). Ces paroles appartiennent \u00e0 la derni\u00e8re conversation de J\u00e9sus ressuscit\u00e9 avec ses disciples, avant de monter au Ciel \u00bb, le pape Fran\u00e7ois nous rappelle dans Message pour la Journ\u00e9e missionnaire mondiale qui est c\u00e9l\u00e9br\u00e9e le dimanche 23 octobre. Il est demand\u00e9 aux disciples, dit le Pontife, de\u00ab vivre\u00a0leur\u00a0vie personnelle dans une optique de mission\u00a0: ils sont envoy\u00e9s par J\u00e9sus dans le monde non seulement pour\u00a0faire\u00a0la mission, mais aussi et surtout pour\u00a0vivre\u00a0la mission qui leur a \u00e9t\u00e9 confi\u00e9e ; non seulement pour\u00a0rendre\u00a0t\u00e9moignage, mais aussi et surtout pour\u00a0\u00eatre des t\u00e9moins du Christ \u00bb. Le pape Fran\u00e7ois continue d&rsquo;affirmer que c&rsquo;est un tr\u00e8s grand honneur d&rsquo;offrir au Christ : \u00ab Les missionnaires du Christ ne sont pas envoy\u00e9s pour se communiquer eux-m\u00eames, pour montrer leurs qualit\u00e9s et leurs capacit\u00e9s de persuasion ou leurs comp\u00e9tences en mati\u00e8re de gestion. Ils ont, au contraire, le grand honneur d&rsquo;offrir le Christ, en paroles et en actes, en annon\u00e7ant \u00e0 tous la Bonne Nouvelle du salut avec joie et franchise, comme les premiers ap\u00f4tres\u00a0\u00bb. La r\u00e9daction<\/p>\n","protected":false},"author":3,"featured_media":48018,"comment_status":"open","ping_status":"open","sticky":false,"template":"","format":"standard","meta":{"_acf_changed":false,"googlesitekit_rrm_CAow8ovLDA:productID":"","_jetpack_memberships_contains_paid_content":false,"footnotes":""},"categories":[829],"tags":[],"class_list":["post-48012","post","type-post","status-publish","format-standard","has-post-thumbnail","hentry","category-evenements"],"acf":[],"aioseo_notices":[],"jetpack_featured_media_url":"https:\/\/mdipime.org\/wp-content\/uploads\/2022\/10\/SMM22_1210x515fr.jpg","jetpack_sharing_enabled":true,"_links":{"self":[{"href":"https:\/\/mdipime.org\/fr\/wp-json\/wp\/v2\/posts\/48012","targetHints":{"allow":["GET"]}}],"collection":[{"href":"https:\/\/mdipime.org\/fr\/wp-json\/wp\/v2\/posts"}],"about":[{"href":"https:\/\/mdipime.org\/fr\/wp-json\/wp\/v2\/types\/post"}],"author":[{"embeddable":true,"href":"https:\/\/mdipime.org\/fr\/wp-json\/wp\/v2\/users\/3"}],"replies":[{"embeddable":true,"href":"https:\/\/mdipime.org\/fr\/wp-json\/wp\/v2\/comments?post=48012"}],"version-history":[{"count":0,"href":"https:\/\/mdipime.org\/fr\/wp-json\/wp\/v2\/posts\/48012\/revisions"}],"wp:featuredmedia":[{"embeddable":true,"href":"https:\/\/mdipime.org\/fr\/wp-json\/wp\/v2\/media\/48018"}],"wp:attachment":[{"href":"https:\/\/mdipime.org\/fr\/wp-json\/wp\/v2\/media?parent=48012"}],"wp:term":[{"taxonomy":"category","embeddable":true,"href":"https:\/\/mdipime.org\/fr\/wp-json\/wp\/v2\/categories?post=48012"},{"taxonomy":"post_tag","embeddable":true,"href":"https:\/\/mdipime.org\/fr\/wp-json\/wp\/v2\/tags?post=48012"}],"curies":[{"name":"wp","href":"https:\/\/api.w.org\/{rel}","templated":true}]}}