{"id":13042,"date":"2018-05-16T21:06:54","date_gmt":"2018-05-16T19:06:54","guid":{"rendered":"https:\/\/www.mdipime.org\/vida-missionaria\/preghiera-per-xi-capitolo\/"},"modified":"2018-06-01T21:04:57","modified_gmt":"2018-06-01T19:04:57","slug":"preghiera-per-xi-capitolo","status":"publish","type":"post","link":"https:\/\/mdipime.org\/pt-br\/xi-capitulo\/preghiera-per-xi-capitolo\/","title":{"rendered":"Ora\u00e7\u00e3o para o XI Cap\u00edtulo"},"content":{"rendered":"<p><strong><img decoding=\"async\" class=\"size-medium wp-image-9494 alignright\" src=\"https:\/\/www.mdipime.org\/wp-content\/uploads\/2017\/09\/logo-capitulo-web-201x300.jpg\" alt=\"\" width=\"201\" height=\"300\" srcset=\"https:\/\/mdipime.org\/wp-content\/uploads\/2017\/09\/logo-capitulo-web-201x300.jpg 201w, https:\/\/mdipime.org\/wp-content\/uploads\/2017\/09\/logo-capitulo-web.jpg 516w\" sizes=\"(max-width: 201px) 100vw, 201px\" \/>Esp\u00edrito Santo,<\/strong><br \/>\nEsp\u00edrito do Senhor ressuscitado,<br \/>\nque fazes de n\u00f3s uma \u00fanica fam\u00edlia,<br \/>\nune as nossas vozes \u00e0quela de Jesus<br \/>\ndirigida ao Pai, enquanto nos preparamos para o XI Cap\u00edtulo Geral.<br \/>\nAjuda-nos a discernir os lugares,<br \/>\nas situa\u00e7\u00f5es, as pessoas aos quais o Pai nos chama e nos envia,<br \/>\ne as periferias onde possamos encontrar Jesus<br \/>\nque desejamos seguir e amar, servir e anunciar.<\/p>\n<p><strong>Senhor Jesus,<\/strong><br \/>\nque te identificas com os pequenos, os necessitados,<br \/>\nos \u00faltimos e os \u2018descartados\u2019,<br \/>\nindo ao encontro de todos anunciando o Reino,<br \/>\nrenova em n\u00f3s o entusiasmo do primeiro chamado<br \/>\nque nos reuniu ao Teu redor,<br \/>\na fim de que possamos construir juntas<br \/>\ncomunidades prof\u00e9ticas que levem a todos os lugares<br \/>\na luz da Tua presen\u00e7a e da Tua Palavra,<br \/>\nacolhida e vivida na mesma paix\u00e3o mission\u00e1ria<br \/>\ne no desejo comum de santidade.<\/p>\n<p><strong>\u00d3 Pai bondoso,<\/strong><br \/>\nnossa Vida e meta comum,<br \/>\ncuja face se reflete no rosto de Jesus,<br \/>\nAtrai a Ti cada uma de n\u00f3s e cada pessoa<br \/>\nque ao longo do tempo nos confias.<\/p>\n<p><strong>Maria Imaculada, Rainha dos Ap\u00f3stolos,<\/strong><br \/>\nsustenta os nossos passos no seguimento e an\u00fancio de Jesus,<br \/>\nTeu Filho, nosso Mestre e Senhor. Assim seja.<\/p>\n","protected":false},"excerpt":{"rendered":"<p>Esp\u00edrito Santo, Esp\u00edrito do Senhor ressuscitado, que fazes de n\u00f3s uma \u00fanica fam\u00edlia, une as nossas vozes \u00e0quela de Jesus dirigida ao Pai, enquanto nos preparamos para o XI Cap\u00edtulo Geral. Ajuda-nos a discernir os lugares, as situa\u00e7\u00f5es, as pessoas aos quais o Pai nos chama e nos envia, e as periferias onde possamos encontrar Jesus que desejamos seguir e amar, servir e anunciar. Senhor Jesus, que te identificas com os pequenos, os necessitados, os \u00faltimos e os \u2018descartados\u2019, indo ao encontro de todos anunciando o Reino, renova em n\u00f3s o entusiasmo do primeiro chamado que nos reuniu ao Teu redor, a fim de que possamos construir juntas comunidades prof\u00e9ticas que levem a todos os lugares a luz da Tua presen\u00e7a e da Tua Palavra, acolhida e vivida na mesma paix\u00e3o mission\u00e1ria e no desejo comum de santidade. \u00d3 Pai bondoso, nossa Vida e meta comum, cuja face se reflete no rosto de Jesus, Atrai a Ti cada uma de n\u00f3s e cada pessoa que ao longo do tempo nos confias. Maria Imaculada, Rainha dos Ap\u00f3stolos, sustenta os nossos passos no seguimento e an\u00fancio de Jesus, Teu Filho, nosso Mestre e Senhor. Assim seja.<\/p>\n","protected":false},"author":3,"featured_media":9494,"comment_status":"open","ping_status":"open","sticky":false,"template":"","format":"standard","meta":{"_acf_changed":false,"googlesitekit_rrm_CAow8ovLDA:productID":"","_jetpack_memberships_contains_paid_content":false,"footnotes":""},"categories":[393],"tags":[],"class_list":["post-13042","post","type-post","status-publish","format-standard","has-post-thumbnail","hentry","category-xi-capitulo"],"acf":[],"aioseo_notices":[],"jetpack_featured_media_url":"https:\/\/mdipime.org\/wp-content\/uploads\/2017\/09\/logo-capitulo-web.jpg","jetpack_sharing_enabled":true,"_links":{"self":[{"href":"https:\/\/mdipime.org\/pt-br\/wp-json\/wp\/v2\/posts\/13042","targetHints":{"allow":["GET"]}}],"collection":[{"href":"https:\/\/mdipime.org\/pt-br\/wp-json\/wp\/v2\/posts"}],"about":[{"href":"https:\/\/mdipime.org\/pt-br\/wp-json\/wp\/v2\/types\/post"}],"author":[{"embeddable":true,"href":"https:\/\/mdipime.org\/pt-br\/wp-json\/wp\/v2\/users\/3"}],"replies":[{"embeddable":true,"href":"https:\/\/mdipime.org\/pt-br\/wp-json\/wp\/v2\/comments?post=13042"}],"version-history":[{"count":0,"href":"https:\/\/mdipime.org\/pt-br\/wp-json\/wp\/v2\/posts\/13042\/revisions"}],"wp:featuredmedia":[{"embeddable":true,"href":"https:\/\/mdipime.org\/pt-br\/wp-json\/wp\/v2\/media\/9494"}],"wp:attachment":[{"href":"https:\/\/mdipime.org\/pt-br\/wp-json\/wp\/v2\/media?parent=13042"}],"wp:term":[{"taxonomy":"category","embeddable":true,"href":"https:\/\/mdipime.org\/pt-br\/wp-json\/wp\/v2\/categories?post=13042"},{"taxonomy":"post_tag","embeddable":true,"href":"https:\/\/mdipime.org\/pt-br\/wp-json\/wp\/v2\/tags?post=13042"}],"curies":[{"name":"wp","href":"https:\/\/api.w.org\/{rel}","templated":true}]}}