{"id":18264,"date":"2018-09-29T14:09:02","date_gmt":"2018-09-29T12:09:02","guid":{"rendered":"https:\/\/www.mdipime.org\/?p=18264"},"modified":"2018-09-29T14:09:02","modified_gmt":"2018-09-29T12:09:02","slug":"xi-capitolo-generale-info-n-3","status":"publish","type":"post","link":"https:\/\/mdipime.org\/pt-br\/xi-capitulo\/comunicacoes\/xi-capitolo-generale-info-n-3\/","title":{"rendered":"XI Cap\u00edtulo Geral &#8211; INFO n.3"},"content":{"rendered":"<p><span style=\"font-weight: 400;\">Estamos pr\u00f3ximos a conclus\u00e3o do XI Cap\u00edtulo Geral. Agradecemos ao Senhor pela \u00a0elei\u00e7\u00e3o da nova dire\u00e7\u00e3o geral e dos caminhos tra\u00e7ados para os pr\u00f3ximos seis anos.<\/span><\/p>\n<p><!--more--><span style=\"font-weight: 400;\">Estamos quase incluindo as delibera\u00e7\u00f5es capitulares para formula\u00e7\u00e3o dos atos capitulares express\u00e3o das reflex\u00f5es feitas juntas nos trabalhos de grupos e plen\u00e1ria.<\/span><\/p>\n<p><span style=\"font-weight: 400;\">O XI cap\u00edtulo Geral ser\u00e1 conclu\u00eddo dia 29 de setembro a tarde \u00e0s 16h30 com uma solene celebra\u00e7\u00e3o eucar\u00edstica de agradecimento presidida por card. Fernando Filoni prefeito pela evangeliza\u00e7\u00e3o dos povos.<\/span><\/p>\n<p><span style=\"font-weight: 400;\">As orienta\u00e7\u00f5es para esses seis anos ser\u00e3o de acordo com \u00a0a nova constitui\u00e7\u00e3o enriquecida com o conte\u00fado da apresenta\u00e7\u00e3o da nossa espiritualidade. O XI Cap\u00edtulo nos convida a dar nova vitalidade ao carisma com escolhas corajosas e prof\u00e9ticas \u00a0que nos move as novas e velhas formas de pobreza e que tem necessidades da luz e do calor do evangelho<\/span><\/p>\n","protected":false},"excerpt":{"rendered":"<p>Estamos pr\u00f3ximos a conclus\u00e3o do XI Cap\u00edtulo Geral. Agradecemos ao Senhor pela \u00a0elei\u00e7\u00e3o da nova dire\u00e7\u00e3o geral e dos caminhos tra\u00e7ados para os pr\u00f3ximos seis anos.<\/p>\n","protected":false},"author":3,"featured_media":18267,"comment_status":"open","ping_status":"open","sticky":false,"template":"","format":"standard","meta":{"_acf_changed":false,"googlesitekit_rrm_CAow8ovLDA:productID":"","_jetpack_memberships_contains_paid_content":false,"footnotes":""},"categories":[591],"tags":[],"class_list":["post-18264","post","type-post","status-publish","format-standard","has-post-thumbnail","hentry","category-comunicacoes"],"acf":[],"aioseo_notices":[],"jetpack_featured_media_url":"https:\/\/mdipime.org\/wp-content\/uploads\/2018\/09\/in-sala-capitolare.jpg","jetpack_sharing_enabled":true,"_links":{"self":[{"href":"https:\/\/mdipime.org\/pt-br\/wp-json\/wp\/v2\/posts\/18264","targetHints":{"allow":["GET"]}}],"collection":[{"href":"https:\/\/mdipime.org\/pt-br\/wp-json\/wp\/v2\/posts"}],"about":[{"href":"https:\/\/mdipime.org\/pt-br\/wp-json\/wp\/v2\/types\/post"}],"author":[{"embeddable":true,"href":"https:\/\/mdipime.org\/pt-br\/wp-json\/wp\/v2\/users\/3"}],"replies":[{"embeddable":true,"href":"https:\/\/mdipime.org\/pt-br\/wp-json\/wp\/v2\/comments?post=18264"}],"version-history":[{"count":0,"href":"https:\/\/mdipime.org\/pt-br\/wp-json\/wp\/v2\/posts\/18264\/revisions"}],"wp:featuredmedia":[{"embeddable":true,"href":"https:\/\/mdipime.org\/pt-br\/wp-json\/wp\/v2\/media\/18267"}],"wp:attachment":[{"href":"https:\/\/mdipime.org\/pt-br\/wp-json\/wp\/v2\/media?parent=18264"}],"wp:term":[{"taxonomy":"category","embeddable":true,"href":"https:\/\/mdipime.org\/pt-br\/wp-json\/wp\/v2\/categories?post=18264"},{"taxonomy":"post_tag","embeddable":true,"href":"https:\/\/mdipime.org\/pt-br\/wp-json\/wp\/v2\/tags?post=18264"}],"curies":[{"name":"wp","href":"https:\/\/api.w.org\/{rel}","templated":true}]}}