{"id":18958,"date":"2018-11-18T17:38:22","date_gmt":"2018-11-18T16:38:22","guid":{"rendered":"https:\/\/www.mdipime.org\/?p=18958"},"modified":"2025-04-07T13:29:20","modified_gmt":"2025-04-07T11:29:20","slug":"a-escuta-do-sinodo","status":"publish","type":"post","link":"https:\/\/mdipime.org\/pt-br\/vida-missionaria\/a-escuta-do-sinodo\/","title":{"rendered":"\u00c0 escuta do S\u00ednodo"},"content":{"rendered":"<p>Um apelo que o papa Francisco vem fazendo \u00e9 que o D<strong>ocumento Preparat\u00f3rio do S\u00ednodo para a Amaz\u00f4nia\u00a0<\/strong> seja trabalhado nas bases <!--more-->e possa chegar nos lugares mais long\u00ednquos deste rinc\u00e3o da Amaz\u00f4nia.\u00a0<strong>\u00c9 o desejo do papa, ouvir a voz dos povos \u00a0da Amaz\u00f4nia,<\/strong> ele quer escutar n\u00e3o somente o clamor, as dificuldades, os desafios presentes nas diversas realidades,\u00a0 mas tamb\u00e9m as propostas que apontam novos caminhos para uma Igreja com rosto amaz\u00f4nico. Em aten\u00e7\u00e3o ao apelo de Francisco, a Arquidiocese de Manaus, vem realizando momentos de encontro nas v\u00e1rias dioceses, par\u00f3quias, \u00e1reas mission\u00e1rias e comunidades para o estudo do documento preparat\u00f3rio do S\u00ednodo.<img decoding=\"async\" class=\"alignright wp-image-18968 size-medium\" src=\"https:\/\/www.mdipime.org\/wp-content\/uploads\/2018\/11\/sinodo-Rosiene-300x180.jpg\" alt=\"\" width=\"300\" height=\"180\" \/><\/p>\n<p>E no dia 14 de Novembro foi realizado na \u00c1rea mission\u00e1ria Monte das Oliveiras a escuta do S\u00ednodo. O evento contou com a presen\u00e7a de aproximadamente 50 animadores e agente das diversas pastorais existentes nas \u00e1reas mission\u00e1rias que fazem parte do Setor Pastoral Padre Ruggero Ruvoletto.<\/p>\n<p>Patr\u00edcia Cabral, presidenta do Conselho do Laicato da Arquidiocese de Manaus \u00a0apresentou o documento preparat\u00f3rio do S\u00ednodo para a Amaz\u00f4nia. O documento consta de tr\u00eas partes que correspondem ao m\u00e9todo Ver, Julgar (discernir) e Agir e vem acompanhado de um question\u00e1rio com perguntas que favorecem o di\u00e1logo e a aproxima\u00e7\u00e3o com a realidade. A facilitadora deu in\u00edcio apresentando a an\u00e1lise de conjuntura sobre a realidade mais especificamente voltada para a Amaz\u00f4nia brasileira, ressaltando a identidade e clamores da Pan \u2013 Amaz\u00f4nica, a necessidade de uma convers\u00e3o pastoral e ecol\u00f3gica quais os novos caminhos para a Amaz\u00f4nia mediante os diversos desafios existentes.<\/p>\n<p>Ap\u00f3s a apresenta\u00e7\u00e3o geral do Documento, os participantes reuniram-se em tr\u00eas grupos denominados: Ver \u2013 Julgar e Agir onde cada grupo escolheu tr\u00eas quest\u00f5es do question\u00e1rio presente no documento, para a reflex\u00e3o, partilha e resposta. <strong>Durante as partilhas, foram apresentadas algumas realidades como: a aus\u00eancia da Eucaristia em muitas comunidades ribeirinhas e a necessidade de se pensar os diversos minist\u00e9rios leigos como presen\u00e7a da Igreja nessas localidades<\/strong>. Destacou-se tamb\u00e9m a import\u00e2ncia da partilha e reflex\u00e3o sobre a vida eclesial, social e ecol\u00f3gica na Amaz\u00f4nia, dando a devida <strong>import\u00e2ncia aos minist\u00e9rios crist\u00e3o existentes <\/strong>nas comunidades, pois na maioria das realidades s\u00e3o crist\u00e3os leigos e leigas que est\u00e3o diretamente acompanhando a vida das pessoas. Comunidades essas, aonde o padre s\u00f3 pode estar uma vez ao m\u00eas ou ao ano. \u00c9\u00a0 significativo que se pensem alternativas para que o trabalho j\u00e1 realizado pelos leigos possa ser mais reconhecido pelo magist\u00e9rio da igreja. \u201c<strong>A presen\u00e7a da mulher<\/strong> tamb\u00e9m torna &#8211; se de fundamental import\u00e2ncia\u00a0 para o bem viver da comunidade tanto por serem a maioria nas atividades como por seu carisma e docilidade na condi\u00e7\u00e3o de determinadas situa\u00e7\u00f5es. Por isso homens e mulheres que est\u00e3o diretamente presentes nas comunidades precisam de uma aten\u00e7\u00e3o maior na escura deste S\u00ednodo\u201d, disse uma das participantes. <strong>Foram mencionados as amea\u00e7as e dificuldades para a vida, o territ\u00f3rio e a cultura,<\/strong> como: o desmatamento desordenado, as grandes queimadas, as mudan\u00e7as clim\u00e1ticas, o fluxo migrat\u00f3rio das popula\u00e7\u00f5es ind\u00edgenas, ribeirinhas e quilombolas, para as cidades, o aumento do desemprego, a mendic\u00e2ncia, a prostitui\u00e7\u00e3o, a perda da identidade, etc. . Al\u00e9m disso foi sublinhado que a<strong> Igreja deve ajudar as comunidades a valorizar as riquezas existentes no ch\u00e3o amaz\u00f4nico<\/strong>, a come\u00e7ar pela liturgia, celebra\u00e7\u00f5es, etc. Buscar conscientizar a popula\u00e7\u00e3o para a salvaguarda da cria\u00e7\u00e3o e abolir o uso de descart\u00e1veis come\u00e7ando nas comunidades, durante a realiza\u00e7\u00e3o de eventos que incluem refei\u00e7\u00f5es.<\/p>\n<p>Eis a linda mensagem do Grupo Regional \u201cRa\u00edzes Caboclas\u201d, grupo de musica regional:<\/p>\n<p style=\"text-align: center;\"><strong>Comunh\u00e3o da Terra<\/strong><\/p>\n<p style=\"text-align: center;\"><em>\u201c\u00c9 tempo ainda de amar sem fronteiras,<br \/>\ndo amor ser a bandeira de uni\u00e3o do mundo inteiro.<br \/>\nAinda creio que essas cores separadas, ser\u00e3o flores perfumadas em um s\u00f3 canteiro.<br \/>\n\u00c9 tempo ainda de ver que a esperan\u00e7a, n\u00e3o \u00e9 s\u00f3 uma dan\u00e7a de fuma\u00e7a pelo ar.<br \/>\nAinda sonho que o sol da nova era, coroando a grande espera, seja luz de um novo olhar.<\/em><\/p>\n<p style=\"text-align: center;\"><strong>Eu canto forte esta can\u00e7\u00e3o que encerra, comunh\u00e3o da terra, pela soma dos quintais, mas pergunto ao Criador que fez a gente, por que assim t\u00e3o diferente, para sermos iguais.<\/strong>\u201d<\/p>\n<p style=\"text-align: right;\">\u00a0Ir. Rosiene Gomes &#8211; Prov\u00edncia Brasil Norte<\/p>\n","protected":false},"excerpt":{"rendered":"<p>Um apelo que o papa Francisco vem fazendo \u00e9 que o Documento Preparat\u00f3rio do S\u00ednodo para a Amaz\u00f4nia\u00a0 seja trabalhado nas bases<\/p>\n","protected":false},"author":6,"featured_media":18972,"comment_status":"open","ping_status":"open","sticky":false,"template":"","format":"standard","meta":{"_acf_changed":false,"googlesitekit_rrm_CAow8ovLDA:productID":"","_jetpack_memberships_contains_paid_content":false,"footnotes":""},"categories":[17],"tags":[736],"class_list":["post-18958","post","type-post","status-publish","format-standard","has-post-thumbnail","hentry","category-vida-missionaria","tag-brasil"],"acf":[],"aioseo_notices":[],"jetpack_featured_media_url":"https:\/\/mdipime.org\/wp-content\/uploads\/2018\/11\/22_06_logo_sinodo_amazonia.jpg","jetpack_sharing_enabled":true,"_links":{"self":[{"href":"https:\/\/mdipime.org\/pt-br\/wp-json\/wp\/v2\/posts\/18958","targetHints":{"allow":["GET"]}}],"collection":[{"href":"https:\/\/mdipime.org\/pt-br\/wp-json\/wp\/v2\/posts"}],"about":[{"href":"https:\/\/mdipime.org\/pt-br\/wp-json\/wp\/v2\/types\/post"}],"author":[{"embeddable":true,"href":"https:\/\/mdipime.org\/pt-br\/wp-json\/wp\/v2\/users\/6"}],"replies":[{"embeddable":true,"href":"https:\/\/mdipime.org\/pt-br\/wp-json\/wp\/v2\/comments?post=18958"}],"version-history":[{"count":0,"href":"https:\/\/mdipime.org\/pt-br\/wp-json\/wp\/v2\/posts\/18958\/revisions"}],"wp:featuredmedia":[{"embeddable":true,"href":"https:\/\/mdipime.org\/pt-br\/wp-json\/wp\/v2\/media\/18972"}],"wp:attachment":[{"href":"https:\/\/mdipime.org\/pt-br\/wp-json\/wp\/v2\/media?parent=18958"}],"wp:term":[{"taxonomy":"category","embeddable":true,"href":"https:\/\/mdipime.org\/pt-br\/wp-json\/wp\/v2\/categories?post=18958"},{"taxonomy":"post_tag","embeddable":true,"href":"https:\/\/mdipime.org\/pt-br\/wp-json\/wp\/v2\/tags?post=18958"}],"curies":[{"name":"wp","href":"https:\/\/api.w.org\/{rel}","templated":true}]}}