{"id":20341,"date":"2019-04-15T19:34:03","date_gmt":"2019-04-15T17:34:03","guid":{"rendered":"https:\/\/www.mdipime.org\/?p=20341"},"modified":"2019-04-15T19:34:03","modified_gmt":"2019-04-15T17:34:03","slug":"fraternita-umana","status":"publish","type":"post","link":"https:\/\/mdipime.org\/pt-br\/vida-missionaria\/fraternita-umana\/","title":{"rendered":"Fraternidade humana"},"content":{"rendered":"<h3 style=\"text-align: center;\">Papa Francisco aos Emirados \u00c1rabes Unidos<\/h3>\n<p>Da Arg\u00e9lia&#8230;<\/p>\n<p><strong>5 de fevereiro:<\/strong> o jornal El Watan, um jornal argelino, a not\u00edcia do Papa nos Emirados \u00c1rabes Unidos. Algo definitivamente fora do comum!<!--more--><br \/>\nN\u00e3o sei quantos aqui na Arg\u00e9lia ler\u00e3o o longo documento assinado pelo Papa Francisco e o Grande Imame de Al-Azhar, mas mais do que as palavras \u00e9 o fato acontecido que marcou. Juntos, eles assinaram um documento intitulado \u00e0 fraternidade humana.<\/p>\n<p><img decoding=\"async\" class=\"aligncenter wp-image-20527 size-full\" src=\"https:\/\/www.mdipime.org\/wp-content\/uploads\/2019\/02\/algeria-giornale-papa.jpg\" alt=\"algeria-notizia sul documento Fratellanza umana\" width=\"1000\" height=\"939\" srcset=\"https:\/\/mdipime.org\/wp-content\/uploads\/2019\/02\/algeria-giornale-papa.jpg 1000w, https:\/\/mdipime.org\/wp-content\/uploads\/2019\/02\/algeria-giornale-papa-300x282.jpg 300w, https:\/\/mdipime.org\/wp-content\/uploads\/2019\/02\/algeria-giornale-papa-768x721.jpg 768w, https:\/\/mdipime.org\/wp-content\/uploads\/2019\/02\/algeria-giornale-papa-672x631.jpg 672w\" sizes=\"(max-width: 1000px) 100vw, 1000px\" \/><br \/>\nAssim nosso bispo o anunciou:<\/p>\n<blockquote><p>Queridos irm\u00e3os e irm\u00e3s, creio que a viagem do Santo Padre para os Emirados \u00c1rabes \u00e9 um evento importante para a paz e \u00e9 uma importante oportunidade para as rela\u00e7\u00f5es entre crist\u00e3os e mu\u00e7ulmanos. \u00c9 por isso que eu acho que voc\u00eas ficar\u00e3o feliz em ter este texto sobre a fraternidade humana, assinado pelo Papa e por Cheikh Ahmed Al-Tayeb, Grande Imame de Al-Azhar, imediatamente dispon\u00edvel. Boa leitura!<\/p><\/blockquote>\n<p>Sim, estamos felizes com isso. De alguma forma, faz parte da nossa jornada, da nossa miss\u00e3o. Uma esp\u00e9cie de apoio autorit\u00e1rio para as pequenas coisas que fazemos todos os dias com as pessoas aqui. Como se todos os dias n\u00f3s assin\u00e1ssemos algo semelhante.<\/p>\n<p>Leia o documento:<br \/>\n<a class=\"btn pulsante btn-special btn-primary\" href=\"https:\/\/www.mdipime.org\/wp-content\/uploads\/2019\/02\/PORpapa-francesco_20190204_documento-fratellanza-umana.pdf\" target=\"_blank\">Baixar PDF<\/a> <a class=\"btn pulsante btn-special btn-primary\" href=\"http:\/\/w2.vatican.va\/content\/francesco\/pt\/travels\/2019\/outside\/documents\/papa-francesco_20190204_documento-fratellanza-umana.html\" target=\"_blank\">Site do Vaticano<\/a><\/p>\n","protected":false},"excerpt":{"rendered":"<p>Papa Francisco aos Emirados \u00c1rabes Unidos Da Arg\u00e9lia&#8230; 5 de fevereiro: o jornal El Watan, um jornal argelino, a not\u00edcia do Papa nos Emirados \u00c1rabes Unidos. Algo definitivamente fora do comum!<\/p>\n","protected":false},"author":7,"featured_media":20338,"comment_status":"open","ping_status":"open","sticky":false,"template":"","format":"standard","meta":{"_acf_changed":false,"googlesitekit_rrm_CAow8ovLDA:productID":"","_jetpack_memberships_contains_paid_content":false,"footnotes":""},"categories":[17],"tags":[724],"class_list":["post-20341","post","type-post","status-publish","format-standard","has-post-thumbnail","hentry","category-vida-missionaria","tag-argelia"],"acf":[],"aioseo_notices":[],"jetpack_featured_media_url":"https:\/\/mdipime.org\/wp-content\/uploads\/2019\/02\/papa-imam-feb2019.jpg","jetpack_sharing_enabled":true,"_links":{"self":[{"href":"https:\/\/mdipime.org\/pt-br\/wp-json\/wp\/v2\/posts\/20341","targetHints":{"allow":["GET"]}}],"collection":[{"href":"https:\/\/mdipime.org\/pt-br\/wp-json\/wp\/v2\/posts"}],"about":[{"href":"https:\/\/mdipime.org\/pt-br\/wp-json\/wp\/v2\/types\/post"}],"author":[{"embeddable":true,"href":"https:\/\/mdipime.org\/pt-br\/wp-json\/wp\/v2\/users\/7"}],"replies":[{"embeddable":true,"href":"https:\/\/mdipime.org\/pt-br\/wp-json\/wp\/v2\/comments?post=20341"}],"version-history":[{"count":0,"href":"https:\/\/mdipime.org\/pt-br\/wp-json\/wp\/v2\/posts\/20341\/revisions"}],"wp:featuredmedia":[{"embeddable":true,"href":"https:\/\/mdipime.org\/pt-br\/wp-json\/wp\/v2\/media\/20338"}],"wp:attachment":[{"href":"https:\/\/mdipime.org\/pt-br\/wp-json\/wp\/v2\/media?parent=20341"}],"wp:term":[{"taxonomy":"category","embeddable":true,"href":"https:\/\/mdipime.org\/pt-br\/wp-json\/wp\/v2\/categories?post=20341"},{"taxonomy":"post_tag","embeddable":true,"href":"https:\/\/mdipime.org\/pt-br\/wp-json\/wp\/v2\/tags?post=20341"}],"curies":[{"name":"wp","href":"https:\/\/api.w.org\/{rel}","templated":true}]}}