{"id":30476,"date":"2020-05-31T15:47:11","date_gmt":"2020-05-31T13:47:11","guid":{"rendered":"https:\/\/www.mdipime.org\/vida-missionaria\/pentecoste-2020-destinazioni\/"},"modified":"2020-05-31T16:07:54","modified_gmt":"2020-05-31T14:07:54","slug":"pentecoste-2020-destinazioni","status":"publish","type":"post","link":"https:\/\/mdipime.org\/pt-br\/vida-missionaria\/pentecoste-2020-destinazioni\/","title":{"rendered":"Pentecostes 2020 &#8211; Destina\u00e7\u00f5es"},"content":{"rendered":"<p style=\"text-align: center;\">Solenidade de Pentecostes 2020<em>\u00a0<\/em><\/p>\n<p>Queridas Irm\u00e3s,<\/p>\n<p>A solenidade de Pentecostes \u00e9 uma festa particularmente esperada por n\u00f3s porque a distinguimos por sua dimens\u00e3o mission\u00e1ria e porque, na tradi\u00e7\u00e3o do nosso Instituto, \u00e9 o dia em que algumas de n\u00f3s recebem a destina\u00e7\u00e3o para a miss\u00e3o.<\/p>\n<p>Em Pentecostes as portas do Cen\u00e1culo se abrem; o medo que mantinha os disc\u00edpulos fechados em casa, agora se transforma em testemunho corajoso.<\/p>\n<p>Ap\u00f3s o <em>bloqueio,<\/em> os Onze poderiam simplesmente retomar a vida onde haviam parado naquela noite, ap\u00f3s os dias chocantes da paix\u00e3o, morte e ressurrei\u00e7\u00e3o de seu Mestre.<\/p>\n<p>Algo, no entanto, acontece pela primeira vez em suas vidas: uma experi\u00eancia sem precedentes do Esp\u00edrito os torna homens novos, livres e corajosos; torna-os mission\u00e1rios! Jesus havia anunciado a eles: &#8220;Quando chegar o Consolador, que eu lhes enviarei do Pai, o esp\u00edrito da verdade que procede do Pai, ele dar\u00e1 testemunho de mim e voc\u00eas tamb\u00e9m ser\u00e3o minhas testemunhas&#8221; (Jo15,26-27). Em Pentecostes a Palavra come\u00e7a, assim, sua corrida e, a partir de Jerusal\u00e9m, \u00e9 anunciada ao longo dos s\u00e9culos aos homens e mulheres, em qualquer lugar e situa\u00e7\u00e3o, para que possam vivenciar o encontro pessoal com Jesus Cristo.<\/p>\n<p>N\u00f3s tamb\u00e9m hoje, depois da dura prova\u00e7\u00e3o de uma pandemia da qual ainda n\u00e3o vemos o fim, poder\u00edamos ser simplesmente apressadas para<em> voltar ao normal, <\/em>retomando tudo como antes. Mais sabiamente, por\u00e9m, temos a oportunidade de viver este momento hist\u00f3rico buscando juntas intuir os convites do Senhor, a &#8220;boa not\u00edcia&#8221; que Ele tem reservado para n\u00f3s e para a humanidade, enquanto passamos por essa experi\u00eancia dolorosa.<\/p>\n<p>Essa calamidade nos fez perceber tantas falsas seguran\u00e7as, das nossas limita\u00e7\u00f5es em definir tempos e regras, da necessidade de descobrir o que \u00e9 realmente priorit\u00e1rio e humanizador&#8230; Este, atrav\u00e9s de um ritmo de vida mais lento, \u00e9 certamente um bom momento para compreender novas percep\u00e7\u00f5es, para descobrir novos apelos do Senhor.<\/p>\n<p>Na lenta e gradual retomada que todos esperamos, acredito que todas n\u00f3s temos a necessidade de espa\u00e7os de confronto, nos quais dar consist\u00eancia aos sentimentos e perguntas que permaneceram n\u00e3o expressos, buscando em conjunto as respostas. Seria bom neste &#8220;hist\u00f3rico e \u00fanico Pentecostes&#8221; compartilhar a resposta a uma pergunta simples, mas profunda: <em>&#8220;Qual \u00e9 a experi\u00eancia do Esp\u00edrito que tivemos neste tempo?&#8221; <\/em><\/p>\n<p>Se estivermos abertas a ouvir atenta e sinceramente umas \u00e0s outras, veremos um verdadeiro milagre que, como no Pentecostes de Jerusal\u00e9m, n\u00e3o consistir\u00e1 na multiplicidade de l\u00ednguas, mas na compreens\u00e3o comum e profunda de uma palavra, de uma intui\u00e7\u00e3o, de uma experi\u00eancia compartilhada que \u00e9 o dom do Esp\u00edrito para continuar a viver a gra\u00e7a do carisma nos diferentes contextos humanos, culturais e religiosos em que estamos presentes.<\/p>\n<p>\u00c9 por isso que pedimos ao Senhor o dom do Esp\u00edrito Santo, o dom da sabedoria que nos ensina a olhar com os olhos de Deus, a sentir com o cora\u00e7\u00e3o de Deus, a falar com as palavras de Deus.<\/p>\n<p>Com gratid\u00e3o, carinho e humildade, permane\u00e7o unida a todas voc\u00eas, juntamente com Maria e os ap\u00f3stolos, reunidos no Cen\u00e1culo, implorando o dom do Esp\u00edrito, especialmente sobre as irm\u00e3s hoje destinadas:<\/p>\n<table style=\"width: 78.8788%; height: 216px;\" width=\"652\">\n<tbody>\n<tr style=\"height: 48px; background-color: #ececec;\">\n<td style=\"width: 32.4615%; height: 24px;\">Ir. Teena D\u2019Souza<\/td>\n<td style=\"width: 36%; height: 24px;\">da prov\u00edncia Vijayawada<\/td>\n<td style=\"width: 30%; height: 24px;\">\u00e0 prov\u00edncia Camar\u00f5es<\/td>\n<\/tr>\n<tr style=\"height: 48px;\">\n<td style=\"width: 32.4615%; height: 48px;\">Ir. Jackuline Arul Raj<\/td>\n<td style=\"width: 36%; height: 48px;\">da prov\u00edncia Vijayawada<\/td>\n<td style=\"width: 30%; height: 48px;\">\u00e0 prov\u00edncia Papua Nova Guin\u00e9<\/td>\n<\/tr>\n<tr style=\"height: 48px; background-color: #ececec;\">\n<td style=\"width: 32.4615%; height: 24px;\">Ir. Shuly Pascalina Rozario<\/td>\n<td style=\"width: 36%; height: 24px;\">da prov\u00edncia Bangladesh<\/td>\n<td style=\"width: 30%; height: 24px;\">\u00e0 prov\u00edncia Brasil Norte<\/td>\n<\/tr>\n<tr style=\"height: 48px;\">\n<td style=\"width: 32.4615%; height: 48px;\">Ir. Suchitra Perpetua Purification<\/td>\n<td style=\"width: 36%; height: 48px;\">da prov\u00edncia Bangladesh<\/td>\n<td style=\"width: 30%; height: 48px;\">\u00e0 prov\u00edncia Papua Nova Guin\u00e9<\/td>\n<\/tr>\n<tr style=\"height: 48px; background-color: #ececec;\">\n<td style=\"width: 32.4615%; height: 24px;\">Ir. Simona Puliga<\/td>\n<td style=\"width: 36%; height: 24px;\">da prov\u00edncia Camar\u00f5es<\/td>\n<td style=\"width: 30%; height: 24px;\">\u00e0s comunidades da Arg\u00e9lia<\/td>\n<\/tr>\n<tr style=\"height: 48px;\">\n<td style=\"width: 32.4615%; height: 48px;\">Ir. Leah Baituma<\/td>\n<td style=\"width: 36%; height: 48px;\">da prov\u00edncia Papua Nova Guin\u00e9<\/td>\n<td style=\"width: 30%; height: 48px;\">\u00e0 delega\u00e7\u00e3o Guinea Bissau<\/td>\n<\/tr>\n<\/tbody>\n<\/table>\n<p>&nbsp;<\/p>\n","protected":false},"excerpt":{"rendered":"<p>Solenidade de Pentecostes 2020\u00a0 Queridas Irm\u00e3s, A solenidade de Pentecostes \u00e9 uma festa particularmente esperada por n\u00f3s porque a distinguimos por sua dimens\u00e3o mission\u00e1ria e porque, na tradi\u00e7\u00e3o do nosso Instituto, \u00e9 o dia em que algumas de n\u00f3s recebem a destina\u00e7\u00e3o para a miss\u00e3o. Em Pentecostes as portas do Cen\u00e1culo se abrem; o medo que mantinha os disc\u00edpulos fechados em casa, agora se transforma em testemunho corajoso. Ap\u00f3s o bloqueio, os Onze poderiam simplesmente retomar a vida onde haviam parado naquela noite, ap\u00f3s os dias chocantes da paix\u00e3o, morte e ressurrei\u00e7\u00e3o de seu Mestre. Algo, no entanto, acontece pela primeira vez em suas vidas: uma experi\u00eancia sem precedentes do Esp\u00edrito os torna homens novos, livres e corajosos; torna-os mission\u00e1rios! Jesus havia anunciado a eles: &#8220;Quando chegar o Consolador, que eu lhes enviarei do Pai, o esp\u00edrito da verdade que procede do Pai, ele dar\u00e1 testemunho de mim e voc\u00eas tamb\u00e9m ser\u00e3o minhas testemunhas&#8221; (Jo15,26-27). Em Pentecostes a Palavra come\u00e7a, assim, sua corrida e, a partir de Jerusal\u00e9m, \u00e9 anunciada ao longo dos s\u00e9culos aos homens e mulheres, em qualquer lugar e situa\u00e7\u00e3o, para que possam vivenciar o encontro pessoal com Jesus Cristo. N\u00f3s tamb\u00e9m hoje, depois da dura prova\u00e7\u00e3o de uma pandemia da qual ainda n\u00e3o vemos o fim, poder\u00edamos ser simplesmente apressadas para voltar ao normal, retomando tudo como antes. Mais sabiamente, por\u00e9m, temos a oportunidade de viver este momento hist\u00f3rico buscando juntas intuir os convites do Senhor, a &#8220;boa not\u00edcia&#8221; que Ele tem reservado para n\u00f3s e para a humanidade, enquanto passamos por essa experi\u00eancia dolorosa. Essa calamidade nos fez perceber tantas falsas seguran\u00e7as, das nossas limita\u00e7\u00f5es em definir tempos e regras, da necessidade de descobrir o que \u00e9 realmente priorit\u00e1rio e humanizador&#8230; Este, atrav\u00e9s de um ritmo de vida mais lento, \u00e9 certamente um bom momento para compreender novas percep\u00e7\u00f5es, para descobrir novos apelos do Senhor. Na lenta e gradual retomada que todos esperamos, acredito que todas n\u00f3s temos a necessidade de espa\u00e7os de confronto, nos quais dar consist\u00eancia aos sentimentos e perguntas que permaneceram n\u00e3o expressos, buscando em conjunto as respostas. Seria bom neste &#8220;hist\u00f3rico e \u00fanico Pentecostes&#8221; compartilhar a resposta a uma pergunta simples, mas profunda: &#8220;Qual \u00e9 a experi\u00eancia do Esp\u00edrito que tivemos neste tempo?&#8221; Se estivermos abertas a ouvir atenta e sinceramente umas \u00e0s outras, veremos um verdadeiro milagre que, como no Pentecostes de Jerusal\u00e9m, n\u00e3o consistir\u00e1 na multiplicidade de l\u00ednguas, mas na compreens\u00e3o comum e profunda de uma palavra, de uma intui\u00e7\u00e3o, de uma experi\u00eancia compartilhada que \u00e9 o dom do Esp\u00edrito para continuar a viver a gra\u00e7a do carisma nos diferentes contextos humanos, culturais e religiosos em que estamos presentes. \u00c9 por isso que pedimos ao Senhor o dom do Esp\u00edrito Santo, o dom da sabedoria que nos ensina a olhar com os olhos de Deus, a sentir com o cora\u00e7\u00e3o de Deus, a falar com as palavras de Deus. Com gratid\u00e3o, carinho e humildade, permane\u00e7o unida a todas voc\u00eas, juntamente com Maria e os ap\u00f3stolos, reunidos no Cen\u00e1culo, implorando [&hellip;]<\/p>\n","protected":false},"author":3,"featured_media":30469,"comment_status":"open","ping_status":"open","sticky":false,"template":"","format":"standard","meta":{"_acf_changed":false,"googlesitekit_rrm_CAow8ovLDA:productID":"","_jetpack_memberships_contains_paid_content":false,"footnotes":""},"categories":[17],"tags":[],"class_list":["post-30476","post","type-post","status-publish","format-standard","has-post-thumbnail","hentry","category-vida-missionaria"],"acf":[],"aioseo_notices":[],"jetpack_featured_media_url":"https:\/\/mdipime.org\/wp-content\/uploads\/2020\/05\/cresima1.png","jetpack_sharing_enabled":true,"_links":{"self":[{"href":"https:\/\/mdipime.org\/pt-br\/wp-json\/wp\/v2\/posts\/30476","targetHints":{"allow":["GET"]}}],"collection":[{"href":"https:\/\/mdipime.org\/pt-br\/wp-json\/wp\/v2\/posts"}],"about":[{"href":"https:\/\/mdipime.org\/pt-br\/wp-json\/wp\/v2\/types\/post"}],"author":[{"embeddable":true,"href":"https:\/\/mdipime.org\/pt-br\/wp-json\/wp\/v2\/users\/3"}],"replies":[{"embeddable":true,"href":"https:\/\/mdipime.org\/pt-br\/wp-json\/wp\/v2\/comments?post=30476"}],"version-history":[{"count":0,"href":"https:\/\/mdipime.org\/pt-br\/wp-json\/wp\/v2\/posts\/30476\/revisions"}],"wp:featuredmedia":[{"embeddable":true,"href":"https:\/\/mdipime.org\/pt-br\/wp-json\/wp\/v2\/media\/30469"}],"wp:attachment":[{"href":"https:\/\/mdipime.org\/pt-br\/wp-json\/wp\/v2\/media?parent=30476"}],"wp:term":[{"taxonomy":"category","embeddable":true,"href":"https:\/\/mdipime.org\/pt-br\/wp-json\/wp\/v2\/categories?post=30476"},{"taxonomy":"post_tag","embeddable":true,"href":"https:\/\/mdipime.org\/pt-br\/wp-json\/wp\/v2\/tags?post=30476"}],"curies":[{"name":"wp","href":"https:\/\/api.w.org\/{rel}","templated":true}]}}