{"id":34491,"date":"2020-12-24T13:04:28","date_gmt":"2020-12-24T12:04:28","guid":{"rendered":"https:\/\/www.mdipime.org\/vida-missionaria\/giornata-mondiale-per-la-pace\/"},"modified":"2020-12-24T13:23:11","modified_gmt":"2020-12-24T12:23:11","slug":"giornata-mondiale-per-la-pace","status":"publish","type":"post","link":"https:\/\/mdipime.org\/pt-br\/eventi-pt-br\/giornata-mondiale-per-la-pace\/","title":{"rendered":"Dia mundial da paz"},"content":{"rendered":"<h2 style=\"text-align: center;\">A cultura do cuidado como percurso de paz<\/h2>\n<p>Este \u00e9 o tema escolhido pelo Papa Francisco para a 54\u00aa mensagem por ocasi\u00e3o do Dia Mundial da Paz: a cultura do cuidado para erradicar a cultura da indiferen\u00e7a, do descarte e do conflito, que hoje muitas vezes parece prevalecer.<\/p>\n<p>A promo\u00e7\u00e3o da cultura do cuidado requer um\u00a0<i>processo educativo<\/i> que nasce na\u00a0<i>fam\u00edlia<\/i>, n\u00facleo natural e fundamental da sociedade, onde se aprende a viver em rela\u00e7\u00e3o e no respeito m\u00fatuo. A <i>escola e a universidade<\/i> colaboram na educa\u00e7\u00e3o e em certos aspetos, os sujeitos da\u00a0<i>comunica\u00e7\u00e3o social <\/i>tamb\u00e9m. Os l\u00edderes religiosos podem desempenhar um papel insubstitu\u00edvel na transmiss\u00e3o aos fi\u00e9is e \u00e0 sociedade dos valores da &#8220;gram\u00e1tica do cuidado&#8221;: a promo\u00e7\u00e3o da dignidade de toda a pessoa humana, a solidariedade com os pobres e indefesos, a solicitude pelo bem comum e a salvaguarda da cria\u00e7\u00e3o.<\/p>\n<p>A\u00a0<i>cultura do cuidado<\/i>, enquanto compromisso comum, solid\u00e1rio e participativo para proteger e promover a dignidade e o bem de todos, enquanto disposi\u00e7\u00e3o a interessar-se, a prestar aten\u00e7\u00e3o, disposi\u00e7\u00e3o \u00e0 compaix\u00e3o, \u00e0 reconcilia\u00e7\u00e3o e \u00e0 cura, ao respeito m\u00fatuo e ao acolhimento rec\u00edproco, constitui uma via privilegiada para a constru\u00e7\u00e3o da paz.<\/p>\n<p>Leia a mensagem completa: <a href=\"http:\/\/www.vatican.va\/content\/francesco\/pt\/messages\/peace\/documents\/papa-francesco_20201208_messaggio-54giornatamondiale-pace2021.html\" target=\"_blank\" rel=\"noopener noreferrer\">\u00a0A cultura do cuidado como percurso de paz<\/a><\/p>\n","protected":false},"excerpt":{"rendered":"<p>A cultura do cuidado como percurso de paz Este \u00e9 o tema escolhido pelo Papa Francisco para a 54\u00aa mensagem por ocasi\u00e3o do Dia Mundial da Paz: a cultura do cuidado para erradicar a cultura da indiferen\u00e7a, do descarte e do conflito, que hoje muitas vezes parece prevalecer. A promo\u00e7\u00e3o da cultura do cuidado requer um\u00a0processo educativo que nasce na\u00a0fam\u00edlia, n\u00facleo natural e fundamental da sociedade, onde se aprende a viver em rela\u00e7\u00e3o e no respeito m\u00fatuo. A escola e a universidade colaboram na educa\u00e7\u00e3o e em certos aspetos, os sujeitos da\u00a0comunica\u00e7\u00e3o social tamb\u00e9m. Os l\u00edderes religiosos podem desempenhar um papel insubstitu\u00edvel na transmiss\u00e3o aos fi\u00e9is e \u00e0 sociedade dos valores da &#8220;gram\u00e1tica do cuidado&#8221;: a promo\u00e7\u00e3o da dignidade de toda a pessoa humana, a solidariedade com os pobres e indefesos, a solicitude pelo bem comum e a salvaguarda da cria\u00e7\u00e3o. A\u00a0cultura do cuidado, enquanto compromisso comum, solid\u00e1rio e participativo para proteger e promover a dignidade e o bem de todos, enquanto disposi\u00e7\u00e3o a interessar-se, a prestar aten\u00e7\u00e3o, disposi\u00e7\u00e3o \u00e0 compaix\u00e3o, \u00e0 reconcilia\u00e7\u00e3o e \u00e0 cura, ao respeito m\u00fatuo e ao acolhimento rec\u00edproco, constitui uma via privilegiada para a constru\u00e7\u00e3o da paz. Leia a mensagem completa: \u00a0A cultura do cuidado como percurso de paz<\/p>\n","protected":false},"author":3,"featured_media":34504,"comment_status":"open","ping_status":"open","sticky":false,"template":"","format":"standard","meta":{"_acf_changed":false,"googlesitekit_rrm_CAow8ovLDA:productID":"","_jetpack_memberships_contains_paid_content":false,"footnotes":""},"categories":[796],"tags":[],"class_list":["post-34491","post","type-post","status-publish","format-standard","has-post-thumbnail","hentry","category-eventi-pt-br"],"acf":[],"aioseo_notices":[],"jetpack_featured_media_url":"https:\/\/mdipime.org\/wp-content\/uploads\/2020\/12\/pace2021pt.jpg","jetpack_sharing_enabled":true,"_links":{"self":[{"href":"https:\/\/mdipime.org\/pt-br\/wp-json\/wp\/v2\/posts\/34491","targetHints":{"allow":["GET"]}}],"collection":[{"href":"https:\/\/mdipime.org\/pt-br\/wp-json\/wp\/v2\/posts"}],"about":[{"href":"https:\/\/mdipime.org\/pt-br\/wp-json\/wp\/v2\/types\/post"}],"author":[{"embeddable":true,"href":"https:\/\/mdipime.org\/pt-br\/wp-json\/wp\/v2\/users\/3"}],"replies":[{"embeddable":true,"href":"https:\/\/mdipime.org\/pt-br\/wp-json\/wp\/v2\/comments?post=34491"}],"version-history":[{"count":0,"href":"https:\/\/mdipime.org\/pt-br\/wp-json\/wp\/v2\/posts\/34491\/revisions"}],"wp:featuredmedia":[{"embeddable":true,"href":"https:\/\/mdipime.org\/pt-br\/wp-json\/wp\/v2\/media\/34504"}],"wp:attachment":[{"href":"https:\/\/mdipime.org\/pt-br\/wp-json\/wp\/v2\/media?parent=34491"}],"wp:term":[{"taxonomy":"category","embeddable":true,"href":"https:\/\/mdipime.org\/pt-br\/wp-json\/wp\/v2\/categories?post=34491"},{"taxonomy":"post_tag","embeddable":true,"href":"https:\/\/mdipime.org\/pt-br\/wp-json\/wp\/v2\/tags?post=34491"}],"curies":[{"name":"wp","href":"https:\/\/api.w.org\/{rel}","templated":true}]}}