{"id":57712,"date":"2023-10-29T09:37:39","date_gmt":"2023-10-29T08:37:39","guid":{"rendered":"https:\/\/mdipime.org\/?p=57712"},"modified":"2023-10-27T15:54:52","modified_gmt":"2023-10-27T13:54:52","slug":"missionaria-na-amazonia-em-apoio-a-vida","status":"publish","type":"post","link":"https:\/\/mdipime.org\/pt-br\/vida-missionaria\/missionaria-na-amazonia-em-apoio-a-vida\/","title":{"rendered":"Mission\u00e1ria na Amaz\u00f4nia em apoio \u00e0 vida"},"content":{"rendered":"<p><iframe loading=\"lazy\" style=\"border: none; overflow: hidden;\" src=\"https:\/\/www.facebook.com\/plugins\/video.php?height=314&amp;href=https%3A%2F%2Fwww.facebook.com%2Fcnbbnorte1%2Fvideos%2F1354279995499733%2F&amp;show_text=false&amp;width=560&amp;t=0\" width=\"800\" height=\"314\" frameborder=\"0\" scrolling=\"no\" allowfullscreen=\"allowfullscreen\"><span data-mce-type=\"bookmark\" style=\"display: inline-block; width: 0px; overflow: hidden; line-height: 0;\" class=\"mce_SELRES_start\">\ufeff<\/span><span data-mce-type=\"bookmark\" style=\"display: inline-block; width: 0px; overflow: hidden; line-height: 0;\" class=\"mce_SELRES_start\">\ufeff<\/span><\/iframe><\/p>\n<p>A Ir. Sharena Ferr\u00e3o \u00e9 mission\u00e1ria da Imaculada (PIME) e neste video nos conta sua experi\u00eancia como mission\u00e1ria na Amaz\u00f4nia, atualmente na comunidade de Santa Rita do Weill, par\u00f3quia de S\u00e3o Paulo de Oliven\u00e7a, diocese de Alto Solim\u00f5es.<\/p>\n<p><span class=\"jCAhz ChMk0b\"><span class=\"ryNqvb\">\u00c9 sua primeira experi\u00eancia numa \u00e1rea ind\u00edgena entre o povo Ticuna, Santa Rita do Weil est\u00e1 localizada na tr\u00edplice fronteira entre Brasil, Col\u00f4mbia e Peru.<\/span><\/span> <span class=\"jCAhz ChMk0b\"><span class=\"ryNqvb\">A vida est\u00e1 muito amea\u00e7ada, diz Ir.<\/span><\/span> <span class=\"jCAhz ChMk0b\"><span class=\"ryNqvb\">Sharina, entre o tr\u00e1fico de drogas e o tr\u00e1fico de pessoas, mas os ind\u00edgenas mostram-lhe todo o esplendor de uma vida em harmonia com a natureza, aprende e aprecia a cultura e a sabedoria ind\u00edgena.<\/span><\/span> <span class=\"jCAhz ChMk0b\"><span class=\"ryNqvb\">Numa comunidade crist\u00e3 dirigida principalmente por protagonistas leigos e testemunhas convictas da f\u00e9, ele sente o apelo a ajud\u00e1-los a salvaguardar as suas vidas, a defender os seus direitos e a partilhar as riquezas da sua cultura.<\/span><\/span><\/p>\n<p>&nbsp;<\/p>\n","protected":false},"excerpt":{"rendered":"<p>Irm\u00e3 Sharena Ferr\u00e3o, fala sobre a sua experi\u00eancia como mission\u00e1ria na Amaz\u00f4nia, na comunidade de Santa Rita do Weill, diocese do Alto Solim\u00f5es.<\/p>\n","protected":false},"author":3,"featured_media":57701,"comment_status":"open","ping_status":"open","sticky":false,"template":"","format":"standard","meta":{"_acf_changed":false,"googlesitekit_rrm_CAow8ovLDA:productID":"","_jetpack_memberships_contains_paid_content":false,"footnotes":""},"categories":[17],"tags":[],"class_list":["post-57712","post","type-post","status-publish","format-standard","has-post-thumbnail","hentry","category-vida-missionaria"],"acf":[],"aioseo_notices":[],"jetpack_featured_media_url":"https:\/\/mdipime.org\/wp-content\/uploads\/2023\/10\/ticuna.jpg","jetpack_sharing_enabled":true,"_links":{"self":[{"href":"https:\/\/mdipime.org\/pt-br\/wp-json\/wp\/v2\/posts\/57712","targetHints":{"allow":["GET"]}}],"collection":[{"href":"https:\/\/mdipime.org\/pt-br\/wp-json\/wp\/v2\/posts"}],"about":[{"href":"https:\/\/mdipime.org\/pt-br\/wp-json\/wp\/v2\/types\/post"}],"author":[{"embeddable":true,"href":"https:\/\/mdipime.org\/pt-br\/wp-json\/wp\/v2\/users\/3"}],"replies":[{"embeddable":true,"href":"https:\/\/mdipime.org\/pt-br\/wp-json\/wp\/v2\/comments?post=57712"}],"version-history":[{"count":0,"href":"https:\/\/mdipime.org\/pt-br\/wp-json\/wp\/v2\/posts\/57712\/revisions"}],"wp:featuredmedia":[{"embeddable":true,"href":"https:\/\/mdipime.org\/pt-br\/wp-json\/wp\/v2\/media\/57701"}],"wp:attachment":[{"href":"https:\/\/mdipime.org\/pt-br\/wp-json\/wp\/v2\/media?parent=57712"}],"wp:term":[{"taxonomy":"category","embeddable":true,"href":"https:\/\/mdipime.org\/pt-br\/wp-json\/wp\/v2\/categories?post=57712"},{"taxonomy":"post_tag","embeddable":true,"href":"https:\/\/mdipime.org\/pt-br\/wp-json\/wp\/v2\/tags?post=57712"}],"curies":[{"name":"wp","href":"https:\/\/api.w.org\/{rel}","templated":true}]}}